[{"command":"settings","settings":{"ajaxPageState":{"theme":"smile","libraries":"eJwDAAAAAAE"},"csp":{"nonce":"UaLShoHK0JXRfgxAPYTY3g"},"pluralDelimiter":"\u0003","user":{"uid":0,"permissionsHash":"d62e68d0887ac65c8b6eb2ad89d2f7077f1da3365cc6c4bd4f34db4100a14835"}},"merge":true},{"command":"insert","method":"replaceWith","selector":".load-more-wrapp","data":"\u003Cdiv class=\u0022load-more-wrapp\u0022\u003E\n  \u003Cp class=\u0022txt\u0022\u003EAffiche 30 r\u00e9sultats sur 113\u003C\/p\u003E\n      \u003Ca href=\u0022\/fr\/search\/more?expertise%5B0%5D=10\u0026amp;page=2\u0026amp;query=\u0022 class=\u0022btn-load-more anim-link se-ajax-link se-auto-scroll\u0022 style=\u0022opacity: 0; pointer-events: none;\u0022\u003E\n      \u003Cspan class=\u0022anim\u0022\u003E\u003C\/span\u003E\n      \u003Cspan class=\u0022link-txt\u0022\u003EVoir plus\u003C\/span\u003E\n    \u003C\/a\u003E\n  \u003C\/div\u003E\n","settings":null},{"command":"insert","method":"append","selector":".search-page-result__items","data":"    \u003Cdiv class=\u0022views-row\u0022\u003E\u003Cdiv class=\u0022new-landing-card news-card\u0022\u003E\n  \u003Ca href=\u0022https:\/\/smile.eu\/fr\/publications-et-evenements\/sobki-dsfr-votre-site-drupal-conforme-au-design-de-l-etat-no-code\u0022\u003E\n    \u003Cspan class=\u0022category-ttl\u0022\u003EArticle\u003C\/span\u003E\n    \u003Cspan class=\u0022card-title\u0022\u003E\n      \u003Ch3\u003E\u003Cspan\u003ESobki DSFR\u0026nbsp;: Votre site Drupal conforme au Design de l\u0026#039;\u00c9tat (No code)\u003C\/span\u003E\n\u003C\/h3\u003E\n      \u003Cspan class=\u0022publish-date\u0022\u003E13 nov. 2025\u003C\/span\u003E\n    \u003C\/span\u003E\n    \u003Cul class=\u0022new-tags\u0022 aria-label=\u0022\u00e9tiquette associ\u00e9e\u0022\u003E\n              \u003Cli class=\u0022tag\u0022\u003E\u003Cspan\u003E  Digital eXp\u00e9rience\n\n\u003C\/span\u003E\u003C\/li\u003E\n\n                \u003C\/ul\u003E\n  \u003C\/a\u003E\n\u003C\/div\u003E\n\u003C\/div\u003E\n    \u003Cdiv class=\u0022views-row\u0022\u003E\u003Cdiv class=\u0022new-landing-card news-card\u0022\u003E\n  \u003Ca href=\u0022https:\/\/smile.eu\/fr\/publications-et-evenements\/drupal-et-l-accessibilite-numerique\u0022\u003E\n    \u003Cspan class=\u0022category-ttl\u0022\u003EArticle\u003C\/span\u003E\n    \u003Cspan class=\u0022card-title\u0022\u003E\n      \u003Ch3\u003E\u003Cspan\u003EDrupal et l\u2019accessibilit\u00e9 num\u00e9rique\u003C\/span\u003E\n\u003C\/h3\u003E\n      \u003Cspan class=\u0022publish-date\u0022\u003E05 nov. 2025\u003C\/span\u003E\n    \u003C\/span\u003E\n    \u003Cul class=\u0022new-tags\u0022 aria-label=\u0022\u00e9tiquette associ\u00e9e\u0022\u003E\n              \u003Cli class=\u0022tag\u0022\u003E\u003Cspan\u003E  Digital eXp\u00e9rience\n\n\u003C\/span\u003E\u003C\/li\u003E\n\n                    \u003Cli class=\u0022tag\u0022\u003E\u003Cspan\u003E  Low code\n\n\u003C\/span\u003E\u003C\/li\u003E\n\n          \u003C\/ul\u003E\n  \u003C\/a\u003E\n\u003C\/div\u003E\n\u003C\/div\u003E\n    \u003Cdiv class=\u0022views-row\u0022\u003E\u003Cdiv class=\u0022new-landing-card news-card\u0022\u003E\n  \u003Ca href=\u0022https:\/\/smile.eu\/fr\/publications-et-evenements\/sobki-bilan-d-une-annee-de-revolution\u0022\u003E\n    \u003Cspan class=\u0022category-ttl\u0022\u003EArticle\u003C\/span\u003E\n    \u003Cspan class=\u0022card-title\u0022\u003E\n      \u003Ch3\u003E\u003Cspan\u003ESobki\u0026nbsp;: bilan d\u0026#039;une ann\u00e9e de r\u00e9volution \u003C\/span\u003E\n\u003C\/h3\u003E\n      \u003Cspan class=\u0022publish-date\u0022\u003E03 nov. 2025\u003C\/span\u003E\n    \u003C\/span\u003E\n    \u003Cul class=\u0022new-tags\u0022 aria-label=\u0022\u00e9tiquette associ\u00e9e\u0022\u003E\n              \u003Cli class=\u0022tag\u0022\u003E\u003Cspan\u003E  Digital eXp\u00e9rience\n\n\u003C\/span\u003E\u003C\/li\u003E\n\n                    \u003Cli class=\u0022tag\u0022\u003E\u003Cspan\u003E  Low code\n\n\u003C\/span\u003E\u003C\/li\u003E\n\n          \u003C\/ul\u003E\n  \u003C\/a\u003E\n\u003C\/div\u003E\n\u003C\/div\u003E\n    \u003Cdiv class=\u0022views-row\u0022\u003E\u003Cdiv class=\u0022new-landing-card news-card\u0022\u003E\n  \u003Ca href=\u0022https:\/\/smile.eu\/fr\/publications-et-evenements\/atlas-agents-ia-et-accessibilite-quand-notre-vision-de-l-inclusion\u0022\u003E\n    \u003Cspan class=\u0022category-ttl\u0022\u003EArticle\u003C\/span\u003E\n    \u003Cspan class=\u0022card-title\u0022\u003E\n      \u003Ch3\u003E\u003Cspan\u003EAtlas, agents IA et accessibilit\u00e9\u0026nbsp;: Quand notre vision de l\u0026#039;inclusion num\u00e9rique devient r\u00e9alit\u00e9\u003C\/span\u003E\n\u003C\/h3\u003E\n      \u003Cspan class=\u0022publish-date\u0022\u003E27 oct. 2025\u003C\/span\u003E\n    \u003C\/span\u003E\n    \u003Cul class=\u0022new-tags\u0022 aria-label=\u0022\u00e9tiquette associ\u00e9e\u0022\u003E\n              \u003Cli class=\u0022tag\u0022\u003E\u003Cspan\u003E  Digital eXp\u00e9rience\n\n\u003C\/span\u003E\u003C\/li\u003E\n\n                    \u003Cli class=\u0022tag\u0022\u003E\u003Cspan\u003E  IA\n\n\u003C\/span\u003E\u003C\/li\u003E\n\n          \u003C\/ul\u003E\n  \u003C\/a\u003E\n\u003C\/div\u003E\n\u003C\/div\u003E\n    \u003Cdiv class=\u0022views-row\u0022\u003E\u003Cdiv class=\u0022new-landing-card news-card\u0022\u003E\n  \u003Ca href=\u0022https:\/\/smile.eu\/fr\/publications-et-evenements\/smile-et-melis-platform-un-partenariat-pour-optimiser-les-applications\u0022\u003E\n    \u003Cspan class=\u0022category-ttl\u0022\u003EArticle\u003C\/span\u003E\n    \u003Cspan class=\u0022card-title\u0022\u003E\n      \u003Ch3\u003E\u003Cspan\u003ESmile et Melis Platform\u0026nbsp;: un partenariat pour optimiser les applications sur mesure\u003C\/span\u003E\n\u003C\/h3\u003E\n      \u003Cspan class=\u0022publish-date\u0022\u003E21 oct. 2025\u003C\/span\u003E\n    \u003C\/span\u003E\n    \u003Cul class=\u0022new-tags\u0022 aria-label=\u0022\u00e9tiquette associ\u00e9e\u0022\u003E\n              \u003Cli class=\u0022tag\u0022\u003E\u003Cspan\u003E  Digital eXp\u00e9rience\n\n\u003C\/span\u003E\u003C\/li\u003E\n\n                \u003C\/ul\u003E\n  \u003C\/a\u003E\n\u003C\/div\u003E\n\u003C\/div\u003E\n    \u003Cdiv class=\u0022views-row\u0022\u003E\u003Cdiv class=\u0022new-landing-card news-card\u0022\u003E\n  \u003Ca href=\u0022https:\/\/smile.eu\/fr\/publications-et-evenements\/ma-journee-en-2030-avec-mon-assistant-ia-comment-le-mcp-transforme-notre\u0022\u003E\n    \u003Cspan class=\u0022category-ttl\u0022\u003EArticle\u003C\/span\u003E\n    \u003Cspan class=\u0022card-title\u0022\u003E\n      \u003Ch3\u003E\u003Cspan\u003EMa journ\u00e9e en 2030 avec mon assistant IA\u0026nbsp;: comment le MCP transforme notre consommation d\u0026#039;internet\u003C\/span\u003E\n\u003C\/h3\u003E\n      \u003Cspan class=\u0022publish-date\u0022\u003E20 oct. 2025\u003C\/span\u003E\n    \u003C\/span\u003E\n    \u003Cul class=\u0022new-tags\u0022 aria-label=\u0022\u00e9tiquette associ\u00e9e\u0022\u003E\n              \u003Cli class=\u0022tag\u0022\u003E\u003Cspan\u003E  IA\n\n\u003C\/span\u003E\u003C\/li\u003E\n\n                    \u003Cli class=\u0022tag\u0022\u003E\u003Cspan\u003E  Digital eXp\u00e9rience\n\n\u003C\/span\u003E\u003C\/li\u003E\n\n          \u003C\/ul\u003E\n  \u003C\/a\u003E\n\u003C\/div\u003E\n\u003C\/div\u003E\n    \u003Cdiv class=\u0022views-row\u0022\u003E\n\u003Cdiv class=\u0022new-landing-card case-study-card\u0022\u003E\n  \u003Ca href=\u0022https:\/\/smile.eu\/fr\/realisations\/ameliorer-la-performance-commerciale-en-retravaillant-l-experience-d-achat-dans-un\u0022\u003E\n    \u003Cspan class=\u0022category-ttl\u0022\u003ERealisation\u003C\/span\u003E\n    \u003Cspan class=\u0022card-title\u0022\u003E\n      \u003Ch3\u003E\u003Cspan\u003EAm\u00e9liorer la performance commerciale en retravaillant l\u0026#039;exp\u00e9rience d\u0026#039;achat dans un contexte international\u003C\/span\u003E\n\u003C\/h3\u003E\n    \u003C\/span\u003E\n    \u003Cul class=\u0022new-tags\u0022 aria-label=\u0022\u00e9tiquette associ\u00e9e\u0022\u003E\n              \u003Cli class=\u0022tag\u0022\u003E\u003Cspan\u003E  E-commerce B2B\n\n\u003C\/span\u003E\u003C\/li\u003E\n\n                    \u003Cli class=\u0022tag\u0022\u003E\u003Cspan\u003E  Digital eXp\u00e9rience\n\n\u003C\/span\u003E\u003C\/li\u003E\n\n          \u003C\/ul\u003E\n  \u003C\/a\u003E\n\u003C\/div\u003E\n\u003C\/div\u003E\n    \u003Cdiv class=\u0022views-row\u0022\u003E\u003Cdiv class=\u0022new-landing-card news-card\u0022\u003E\n  \u003Ca href=\u0022https:\/\/smile.eu\/fr\/publications-et-evenements\/dxp-solution-pour-un-marketing-digital-autonome-et-efficace\u0022\u003E\n    \u003Cspan class=\u0022category-ttl\u0022\u003EArticle\u003C\/span\u003E\n    \u003Cspan class=\u0022card-title\u0022\u003E\n      \u003Ch3\u003E\u003Cspan\u003EDXP\u0026nbsp;: solution pour un marketing digital autonome et efficace\u003C\/span\u003E\n\u003C\/h3\u003E\n      \u003Cspan class=\u0022publish-date\u0022\u003E02 oct. 2025\u003C\/span\u003E\n    \u003C\/span\u003E\n    \u003Cul class=\u0022new-tags\u0022 aria-label=\u0022\u00e9tiquette associ\u00e9e\u0022\u003E\n              \u003Cli class=\u0022tag\u0022\u003E\u003Cspan\u003E  Digital eXp\u00e9rience\n\n\u003C\/span\u003E\u003C\/li\u003E\n\n                \u003C\/ul\u003E\n  \u003C\/a\u003E\n\u003C\/div\u003E\n\u003C\/div\u003E\n    \u003Cdiv class=\u0022views-row\u0022\u003E\u003Cdiv class=\u0022new-landing-card news-card\u0022\u003E\n  \u003Ca href=\u0022https:\/\/smile.eu\/fr\/publications-et-evenements\/smile-x-qntm-l-ia-et-la-data-au-service-de-l-experience\u0022\u003E\n    \u003Cspan class=\u0022category-ttl\u0022\u003EArticle\u003C\/span\u003E\n    \u003Cspan class=\u0022card-title\u0022\u003E\n      \u003Ch3\u003E\u003Cspan\u003ESmile x QNTM\u0026nbsp;: l\u2019IA et la data au service de l\u2019exp\u00e9rience\u003C\/span\u003E\n\u003C\/h3\u003E\n      \u003Cspan class=\u0022publish-date\u0022\u003E16 Juil. 2025\u003C\/span\u003E\n    \u003C\/span\u003E\n    \u003Cul class=\u0022new-tags\u0022 aria-label=\u0022\u00e9tiquette associ\u00e9e\u0022\u003E\n              \u003Cli class=\u0022tag\u0022\u003E\u003Cspan\u003E  Digital eXp\u00e9rience\n\n\u003C\/span\u003E\u003C\/li\u003E\n\n                \u003C\/ul\u003E\n  \u003C\/a\u003E\n\u003C\/div\u003E\n\u003C\/div\u003E\n    \u003Cdiv class=\u0022views-row\u0022\u003E\u003Cdiv class=\u0022new-landing-card news-card\u0022\u003E\n  \u003Ca href=\u0022https:\/\/smile.eu\/fr\/publications-et-evenements\/reveille-toi-europe-il-est-l-heure-de-la-revolution-de-l-open-source\u0022\u003E\n    \u003Cspan class=\u0022category-ttl\u0022\u003EArticle\u003C\/span\u003E\n    \u003Cspan class=\u0022card-title\u0022\u003E\n      \u003Ch3\u003E\u003Cspan\u003ER\u00e9veille-toi, Europe\u0026nbsp;! Il est l\u2019heure de la r\u00e9volution de l\u0026#039;open source\u003C\/span\u003E\n\u003C\/h3\u003E\n      \u003Cspan class=\u0022publish-date\u0022\u003E15 Juil. 2025\u003C\/span\u003E\n    \u003C\/span\u003E\n    \u003Cul class=\u0022new-tags\u0022 aria-label=\u0022\u00e9tiquette associ\u00e9e\u0022\u003E\n              \u003Cli class=\u0022tag\u0022\u003E\u003Cspan\u003E  Digital eXp\u00e9rience\n\n\u003C\/span\u003E\u003C\/li\u003E\n\n                \u003C\/ul\u003E\n  \u003C\/a\u003E\n\u003C\/div\u003E\n\u003C\/div\u003E\n    \u003Cdiv class=\u0022views-row\u0022\u003E\u003Cdiv class=\u0022new-landing-card news-card\u0022\u003E\n  \u003Ca href=\u0022https:\/\/smile.eu\/fr\/publications-et-evenements\/smile-remporte-l-appel-d-offres-interministeriel-de-la-dgfip-pour-l\u0022\u003E\n    \u003Cspan class=\u0022category-ttl\u0022\u003EArticle\u003C\/span\u003E\n    \u003Cspan class=\u0022card-title\u0022\u003E\n      \u003Ch3\u003E\u003Cspan\u003ESmile remporte l\u0026#039;appel d\u0026#039;offres interminist\u00e9riel de la DGFiP pour l\u0026#039;expertise Drupal\u003C\/span\u003E\n\u003C\/h3\u003E\n      \u003Cspan class=\u0022publish-date\u0022\u003E24 juin. 2025\u003C\/span\u003E\n    \u003C\/span\u003E\n    \u003Cul class=\u0022new-tags\u0022 aria-label=\u0022\u00e9tiquette associ\u00e9e\u0022\u003E\n              \u003Cli class=\u0022tag\u0022\u003E\u003Cspan\u003E  Digital eXp\u00e9rience\n\n\u003C\/span\u003E\u003C\/li\u003E\n\n                \u003C\/ul\u003E\n  \u003C\/a\u003E\n\u003C\/div\u003E\n\u003C\/div\u003E\n    \u003Cdiv class=\u0022views-row\u0022\u003E\u003Cdiv class=\u0022new-landing-card news-card\u0022\u003E\n  \u003Ca href=\u0022https:\/\/smile.eu\/fr\/publications-et-evenements\/smile-remporte-le-marche-interministeriel-dgfip-pour-l-expertise-drupal\u0022\u003E\n    \u003Cspan class=\u0022category-ttl\u0022\u003EArticle\u003C\/span\u003E\n    \u003Cspan class=\u0022card-title\u0022\u003E\n      \u003Ch3\u003E\u003Cspan\u003ESmile remporte le march\u00e9 interminist\u00e9riel DGFiP pour l\u2019expertise Drupal\u003C\/span\u003E\n\u003C\/h3\u003E\n      \u003Cspan class=\u0022publish-date\u0022\u003E23 juin. 2025\u003C\/span\u003E\n    \u003C\/span\u003E\n    \u003Cul class=\u0022new-tags\u0022 aria-label=\u0022\u00e9tiquette associ\u00e9e\u0022\u003E\n              \u003Cli class=\u0022tag\u0022\u003E\u003Cspan\u003E  Digital eXp\u00e9rience\n\n\u003C\/span\u003E\u003C\/li\u003E\n\n                \u003C\/ul\u003E\n  \u003C\/a\u003E\n\u003C\/div\u003E\n\u003C\/div\u003E\n    \u003Cdiv class=\u0022views-row\u0022\u003E\u003Cdiv class=\u0022new-landing-card event-card\u0022\u003E\n  \u003Ca href=\u0022https:\/\/smile.eu\/fr\/publications-et-evenements\/sylius-days-paris\u0022\u003E\n    \u003Cspan class=\u0022category-ttl\u0022\u003E\u00c9V\u00c9NEMENT         SMILE          \u003C\/span\u003E\n    \u003Cspan class=\u0022card-title\u0022\u003E\n      \u003Ch3\u003E\u003Cspan\u003ESylius Days Paris\u003C\/span\u003E\n\u003C\/h3\u003E\n      \u003Cspan class=\u0022publish-date\u0022\u003E  \u003Ctime datetime=\u00222025-05-22T12:00:00Z\u0022\u003E22 mai. 2025\u003C\/time\u003E\n\n\n\u003C\/span\u003E\n    \u003C\/span\u003E\n    \u003Cul class=\u0022new-tags\u0022 aria-label=\u0022\u00e9tiquette associ\u00e9e\u0022 \u003E\n              \u003Cli class=\u0022tag\u0022\u003E\u003Cspan\u003E  E-commerce\n\n\u003C\/span\u003E\u003C\/li\u003E\n\n                    \u003Cli class=\u0022tag\u0022\u003E\u003Cspan\u003E  Digital eXp\u00e9rience\n\n\u003C\/span\u003E\u003C\/li\u003E\n\n          \u003C\/ul\u003E\n  \u003C\/a\u003E\n\u003C\/div\u003E\n\u003C\/div\u003E\n    \u003Cdiv class=\u0022views-row\u0022\u003E\u003Cdiv class=\u0022new-landing-card event-card\u0022\u003E\n  \u003Ca href=\u0022https:\/\/smile.eu\/fr\/publications-et-evenements\/comment-reinventer-l-experience-client\u0022\u003E\n    \u003Cspan class=\u0022category-ttl\u0022\u003E\u00c9V\u00c9NEMENT         SMILE          \u003C\/span\u003E\n    \u003Cspan class=\u0022card-title\u0022\u003E\n      \u003Ch3\u003E\u003Cspan\u003EComment r\u00e9inventer l\u2019exp\u00e9rience client\u003C\/span\u003E\n\u003C\/h3\u003E\n      \u003Cspan class=\u0022publish-date\u0022\u003E  \u003Ctime datetime=\u00222025-05-15T12:00:00Z\u0022\u003E15 mai. 2025\u003C\/time\u003E\n\n\n -   8h30 \u00e0 10h30\n\n\u003C\/span\u003E\n    \u003C\/span\u003E\n    \u003Cul class=\u0022new-tags\u0022 aria-label=\u0022\u00e9tiquette associ\u00e9e\u0022 \u003E\n              \u003Cli class=\u0022tag\u0022\u003E\u003Cspan\u003E  Digital eXp\u00e9rience\n\n\u003C\/span\u003E\u003C\/li\u003E\n\n                \u003C\/ul\u003E\n  \u003C\/a\u003E\n\u003C\/div\u003E\n\u003C\/div\u003E\n    \u003Cdiv class=\u0022views-row\u0022\u003E\u003Cdiv class=\u0022new-landing-card news-card\u0022\u003E\n  \u003Ca href=\u0022https:\/\/smile.eu\/fr\/publications-et-evenements\/dsi-comment-reduire-les-couts-de-30-de-votre-plateforme-digitale\u0022\u003E\n    \u003Cspan class=\u0022category-ttl\u0022\u003EArticle\u003C\/span\u003E\n    \u003Cspan class=\u0022card-title\u0022\u003E\n      \u003Ch3\u003E\u003Cspan\u003EDSI, comment r\u00e9duire les co\u00fbts de 30 % de votre plateforme digitale\u0026nbsp;? \u003C\/span\u003E\n\u003C\/h3\u003E\n      \u003Cspan class=\u0022publish-date\u0022\u003E10 avr. 2025\u003C\/span\u003E\n    \u003C\/span\u003E\n    \u003Cul class=\u0022new-tags\u0022 aria-label=\u0022\u00e9tiquette associ\u00e9e\u0022\u003E\n              \u003Cli class=\u0022tag\u0022\u003E\u003Cspan\u003E  Digital eXp\u00e9rience\n\n\u003C\/span\u003E\u003C\/li\u003E\n\n                \u003C\/ul\u003E\n  \u003C\/a\u003E\n\u003C\/div\u003E\n\u003C\/div\u003E\n","settings":null}]